[{"@context":"https:\/\/schema.org\/","@type":"Article","@id":"https:\/\/www.ryko.sk\/ako-sa-starat-o-zimny-balkon-a-jeho-zahradku\/#Article","mainEntityOfPage":"https:\/\/www.ryko.sk\/ako-sa-starat-o-zimny-balkon-a-jeho-zahradku\/","headline":"Ako sa stara\u0165 o zimn\u00fd balk\u00f3n a jeho z\u00e1hradku","name":"Ako sa stara\u0165 o zimn\u00fd balk\u00f3n a jeho z\u00e1hradku","description":"Zimn\u00e9 obdobie m\u00e1 svoje \u0161pecifick\u00e9 \u010daro, ale rovnako tak je pre neho typick\u00fd mr\u00e1z a n\u00edzka teplota ako aj nepriazniv\u00e9 [&hellip;]","datePublished":"2018-12-27","dateModified":"2023-04-28","author":{"@type":"Person","@id":"https:\/\/www.ryko.sk\/author\/#Person","name":"","url":"https:\/\/www.ryko.sk\/author\/","identifier":1,"image":{"@type":"ImageObject","@id":"https:\/\/secure.gravatar.com\/avatar\/df9d3e7f7fe4622e291ec02ac46f5f76755ddc91019a65e783baee3892394402?s=96&d=mm&r=g","url":"https:\/\/secure.gravatar.com\/avatar\/df9d3e7f7fe4622e291ec02ac46f5f76755ddc91019a65e783baee3892394402?s=96&d=mm&r=g","height":96,"width":96}},"publisher":{"@type":"Organization","name":"ryko.sk","logo":{"@type":"ImageObject","@id":"\/logo.png","url":"\/logo.png","width":600,"height":60}},"image":{"@type":"ImageObject","@id":"https:\/\/www.ryko.sk\/wp-content\/uploads\/img_a295234_w16682_t1546209213.jpg","url":"https:\/\/www.ryko.sk\/wp-content\/uploads\/img_a295234_w16682_t1546209213.jpg","height":0,"width":0},"url":"https:\/\/www.ryko.sk\/ako-sa-starat-o-zimny-balkon-a-jeho-zahradku\/","about":["Domov"],"wordCount":415,"articleBody":"                   Zimn\u00e9 obdobie m\u00e1 svoje \u0161pecifick\u00e9 \u010daro, ale rovnako tak je pre neho typick\u00fd mr\u00e1z a n\u00edzka teplota ako aj nepriazniv\u00e9 pr\u00edrodn\u00e9 podmienky. V tomto obdob\u00ed pohyb po vonku o nie\u010do minimalizujeme a takisto aj n\u00e1\u0161 balk\u00f3n sa stane nachv\u00ed\u013eu zabudnut\u00fdm priestorom.Ale nemus\u00ed! Aj po\u010das mraziv\u00e9ho po\u010dasia a zimn\u00fdch dn\u00ed m\u00f4\u017ee v\u00e1\u0161 balk\u00f3n d\u00fdcha\u0165 \u017eivotom a spr\u00edjem\u0148ova\u0165 v\u00e1m ka\u017ed\u00fd de\u0148. \u00c1no, je mo\u017en\u00e9, \u017ee aj po\u010das t\u00fdchto zimn\u00fdch dn\u00ed m\u00f4\u017ee by\u0165 balk\u00f3nov\u00fd priestor obohaten\u00fd pekn\u00fdmi rastlinkami. V\u0161etko je ale \u013eah\u0161ie, pokia\u013e m\u00e1me tento priestor zasklenen\u00fd a lemuj\u00fa ho sklenen\u00e9 z\u00e1bradlia, no ka\u017edop\u00e1dne sa pozrime na to, ako si so zimn\u00fdm balk\u00f3nom porad\u00edme v\u0161eobecne. Aj tento are\u00e1l, novodobo sl\u00fa\u017eiaci predov\u0161etk\u00fdm k relax\u00e1cii na \u010derstvom vzduchu a z\u00e1hradk\u00e1rskym z\u00e1\u013eub\u00e1m m\u00f4\u017ee by\u0165 po\u010das zimy plnohodnotne vyu\u017eit\u00fd. Je ale pochopite\u013en\u00e9, \u017ee aj napriek chladnej\u0161\u00edm d\u0148om mus\u00edme dba\u0165 na jeho \u00fadr\u017ebu a upratovanie, ktor\u00e9 sa nezaob\u00edde ani bez odstra\u0148ovania snehu a to aj z kvetin\u00e1\u010dov, respekt\u00edve z rastliniek a ich kon\u00e1rikov. Tieto kon\u00e1riky m\u00f4\u017eeme pr\u00edpadne zviaza\u0165. K tejto zmienke treba poznamena\u0165, aby sme dbali na detaily a skontrolovali n\u00e1doby \u010di kvetin\u00e1\u010de, v ak\u00fdch s\u00fa rastliny zasaden\u00e9. Predov\u0161etk\u00fdm sa zamerajme na dno, preto\u017ee pokia\u013e je popraskan\u00e9, izol\u00e1cia rastliny pred zimou nebude dostato\u010dn\u00e1 a padne za obe\u0165 extr\u00e9mnym teplot\u00e1m. A j napriek tomu, \u017ee polievanie kvetiniek sa n\u00e1m po\u010das zimy zd\u00e1 trochu zbyto\u010dn\u00e9, t\u00fato aktivitu nesmieme zanedb\u00e1va\u0165 ani v tomto obdob\u00ed. Prij\u00edma\u0165 tekutiny predsa mus\u00edte i vy aj rastlinka. A \u00e1no, polievanie je d\u00f4le\u017eit\u00e9, aj ke\u010f je teplota pod nulou i ke\u010f ch\u00e1pem, \u017ee to nep\u00f4sob\u00ed logicky. Ide\u00e1lne je polieva\u0165 hlavne po\u010das d\u0148a, nako\u013eko vtedy s\u00fa teploty relat\u00edvne najvy\u0161\u0161ie a vodu n\u00e1sledne nechajme vstreb\u00e1va\u0165 s t\u00fdm, \u017ee prebyto\u010dn\u00e1 tekutina mus\u00ed odtiec\u0165. \u2022 Po\u010das zimn\u00e9ho obdobia m\u00f4\u017eeme vsadi\u0165 napr\u00edklad na \u010demerice a vresovce, ktor\u00e9 tvoria dokonal\u00fa kombin\u00e1ciu so sir\u00f4tkou, cyklam\u00e9nou, \u0161afranom a pod. K e\u0161te kraj\u0161iemu vizu\u00e1lnemu efektu http:\/\/synonymus.cz\/zanedbavat\/  m\u00f4\u017eete na balk\u00f3n prida\u0165 sveteln\u00e9 v\u00fdzdoby.                                                                                                                                                                                                                                                                                                                                                                                          4\/5 - (11 votes)        "},{"@context":"https:\/\/schema.org\/","@type":"BreadcrumbList","itemListElement":[{"@type":"ListItem","position":1,"name":"Ako sa stara\u0165 o zimn\u00fd balk\u00f3n a jeho z\u00e1hradku","item":"https:\/\/www.ryko.sk\/ako-sa-starat-o-zimny-balkon-a-jeho-zahradku\/#breadcrumbitem"}]}]