[{"@context":"https:\/\/schema.org\/","@type":"Article","@id":"https:\/\/www.ryko.sk\/pokrocily-ci-zaciatocnik-obaja-maju-hlavu-len-jednu\/#Article","mainEntityOfPage":"https:\/\/www.ryko.sk\/pokrocily-ci-zaciatocnik-obaja-maju-hlavu-len-jednu\/","headline":"Pokro\u010dil\u00fd \u010di za\u010diato\u010dn\u00edk, obaja maj\u00fa hlavu len jednu","name":"Pokro\u010dil\u00fd \u010di za\u010diato\u010dn\u00edk, obaja maj\u00fa hlavu len jednu","description":"Hlav\u00fa m\u00e1me nane\u0161\u0165astie alebo na\u0161\u0165astie, iba jednu. Preto by sme k nej mali pristupova\u0165 s patri\u010dnou zodpovednos\u0165ou. U\u017e ani jazda [&hellip;]","datePublished":"2019-06-17","dateModified":"2023-04-28","author":{"@type":"Person","@id":"https:\/\/www.ryko.sk\/author\/#Person","name":"","url":"https:\/\/www.ryko.sk\/author\/","identifier":1,"image":{"@type":"ImageObject","@id":"https:\/\/secure.gravatar.com\/avatar\/df9d3e7f7fe4622e291ec02ac46f5f76755ddc91019a65e783baee3892394402?s=96&d=mm&r=g","url":"https:\/\/secure.gravatar.com\/avatar\/df9d3e7f7fe4622e291ec02ac46f5f76755ddc91019a65e783baee3892394402?s=96&d=mm&r=g","height":96,"width":96}},"publisher":{"@type":"Organization","name":"ryko.sk","logo":{"@type":"ImageObject","@id":"\/logo.png","url":"\/logo.png","width":600,"height":60}},"image":{"@type":"ImageObject","@id":"https:\/\/www.ryko.sk\/wp-content\/uploads\/img_a304242_w16733_t1565014222.jpg","url":"https:\/\/www.ryko.sk\/wp-content\/uploads\/img_a304242_w16733_t1565014222.jpg","height":0,"width":0},"url":"https:\/\/www.ryko.sk\/pokrocily-ci-zaciatocnik-obaja-maju-hlavu-len-jednu\/","about":["Tovar"],"wordCount":389,"articleBody":"  Hlav\u00fa m\u00e1me nane\u0161\u0165astie alebo na\u0161\u0165astie, iba jednu. Preto by sme k nej mali pristupova\u0165 s patri\u010dnou zodpovednos\u0165ou. U\u017e ani jazda na bicykli bez prilby na hlave, sa m\u00f4\u017ee razom zmeni\u0165 na \u017eivot ohrozuj\u00facu \u201ez\u00e1bavku\u201c. No a diskusia o tom, \u010di je nosenie prilby na motorke d\u00f4le\u017eit\u00e9 alebo nie, je u\u017e absol\u00fatne zbyto\u010dn\u00e1. Ak ste i vy pod\u013eahli motocyklom, mali by ste tento chr\u00e1ni\u010d hlavy bezpodmiene\u010dne nosi\u0165. Av\u0161ak pozor! Mali by ste si vedie\u0165 vybra\u0165 aj ten spr\u00e1vny typ. Rozhoduje najm\u00e4 to, na akej ma\u0161inke jazd\u00edte a \u010di u\u017e m\u00e1te s jazden\u00edm nejak\u00e9 sk\u00fasenosti. Nebudeme sa venova\u0165 konkr\u00e9tnym zna\u010dk\u00e1m, ale jednotliv\u00fdm typom pr\u00edlb. Ak jazd\u00edte na malom \u201edrobcovi\u201c, teda na malom motocykli \u010di sk\u00fatri, v podstate v\u00e1m posta\u010d\u00ed aj otvoren\u00e1 prilba. Samozrejme, \u017ee mus\u00ed ma\u0165 ochrann\u00e9 plexisklo. Ak by v\u00e1m do oka vletel \u010do i len kamienok, a to i pri r\u00fdchlosti okolo tridsa\u0165 kilometrov za hodinu, verte, \u017ee nejde o ni\u010d pr\u00edjemn\u00e9. Mnoh\u00ed za\u010d\u00ednaj\u00faci motocyklisti nechc\u00fa do prilby investova\u0165 pr\u00edli\u0161 ve\u013ea. Toto rozhodnutie od\u00f4vod\u0148uj\u00fa t\u00fdm, \u017ee s jazden\u00edm len za\u010d\u00ednaj\u00fa, nebud\u00fa chodi\u0165 r\u00fdchlo a motorka im posl\u00fa\u017ei len na pres\u00favanie sa po meste. V skuto\u010dnosti by ste sa v\u0161ak na to mali pozera\u0165 z \u00faplne opa\u010dnej strany. Ak s jazden\u00edm za\u010d\u00ednate, potrebujete svoje telo a najm\u00e4 hlavu, chr\u00e1ni\u0165 dvojn\u00e1sobne. Druh\u00fdm typom pr\u00edlb, ktor\u00fd m\u00f4\u017eeme ozna\u010di\u0165 za najviac vyu\u017e\u00edvan\u00fd, s\u00fa vykl\u00e1pacie prilby. E\u0161te do ned\u00e1vna prevl\u00e1dal n\u00e1zor, \u017ee ide o najhlu\u010dnej\u0161ie prilby, ak\u00e9 m\u00f4\u017eete pou\u017e\u00edva\u0165. V\u00fdrobcovia si v\u0161ak v posledn\u00fdch rokoch dali na tejto dos\u0165 podstatnej nedokonalosti, naozaj z\u00e1le\u017ea\u0165. Preto vykl\u00e1pacie prilby dnes u\u017e naozaj nepatria k t\u00fdm hlu\u010dn\u00fdm. Z\u00e1le\u017e\u00ed to samozrejme od konkr\u00e9tneho v\u00fdrobcu a zna\u010dky. Vykl\u00e1paciu prilbu by ste mali pou\u017e\u00edva\u0165 vtedy, ak jazd\u00edte na \u010domko\u013evek v\u00e4\u010d\u0161om, ako je spom\u00ednan\u00fd sk\u00fater \u010di mal\u00fd motocykel. Av\u0161ak ani na t\u00fdchto dvoch \u201evozidl\u00e1ch\u201c, nem\u00f4\u017eete vykl\u00e1pa\u010dkou ni\u010d pokazi\u0165.                                                                                                                                                                                                                                                                                                                                                                                         4.6\/5 - (5 votes)        "},{"@context":"https:\/\/schema.org\/","@type":"BreadcrumbList","itemListElement":[{"@type":"ListItem","position":1,"name":"Pokro\u010dil\u00fd \u010di za\u010diato\u010dn\u00edk, obaja maj\u00fa hlavu len jednu","item":"https:\/\/www.ryko.sk\/pokrocily-ci-zaciatocnik-obaja-maju-hlavu-len-jednu\/#breadcrumbitem"}]}]