[{"@context":"https:\/\/schema.org\/","@type":"Article","@id":"https:\/\/www.ryko.sk\/preco-ma-matrac-svoju-ohranicenu-zivotnost\/#Article","mainEntityOfPage":"https:\/\/www.ryko.sk\/preco-ma-matrac-svoju-ohranicenu-zivotnost\/","headline":"Pre\u010do m\u00e1 matrac svoju ohrani\u010den\u00fa \u017eivotnos\u0165","name":"Pre\u010do m\u00e1 matrac svoju ohrani\u010den\u00fa \u017eivotnos\u0165","description":"Matrace https:\/\/www.segum.sk\/matrace, ktor\u00e9 by v\u00e1m vydr\u017eali funk\u010dn\u00e9 po\u010das cel\u00e9ho v\u00e1\u0161ho \u017eivota, nie\u010do tak\u00e9, bohu\u017eia\u013e, neexistuje. P\u00fdtate sa pre\u010do? Aj ja [&hellip;]","datePublished":"2020-01-15","dateModified":"2023-04-28","author":{"@type":"Person","@id":"https:\/\/www.ryko.sk\/author\/#Person","name":"","url":"https:\/\/www.ryko.sk\/author\/","identifier":1,"image":{"@type":"ImageObject","@id":"https:\/\/secure.gravatar.com\/avatar\/df9d3e7f7fe4622e291ec02ac46f5f76755ddc91019a65e783baee3892394402?s=96&d=mm&r=g","url":"https:\/\/secure.gravatar.com\/avatar\/df9d3e7f7fe4622e291ec02ac46f5f76755ddc91019a65e783baee3892394402?s=96&d=mm&r=g","height":96,"width":96}},"publisher":{"@type":"Organization","name":"ryko.sk","logo":{"@type":"ImageObject","@id":"\/logo.png","url":"\/logo.png","width":600,"height":60}},"image":{"@type":"ImageObject","@id":"https:\/\/www.ryko.sk\/wp-content\/uploads\/img_a311272_w16520_t1586253314.jpg","url":"https:\/\/www.ryko.sk\/wp-content\/uploads\/img_a311272_w16520_t1586253314.jpg","height":0,"width":0},"url":"https:\/\/www.ryko.sk\/preco-ma-matrac-svoju-ohranicenu-zivotnost\/","wordCount":412,"articleBody":"       Matrace https:\/\/www.segum.sk\/matrace, ktor\u00e9 by v\u00e1m vydr\u017eali funk\u010dn\u00e9 po\u010das cel\u00e9ho v\u00e1\u0161ho \u017eivota, nie\u010do tak\u00e9, bohu\u017eia\u013e, neexistuje. P\u00fdtate sa pre\u010do? Aj ja som sa niekedy p\u00fdtal. Odpove\u010f je vlastne ve\u013emi jednoduch\u00ed. Probl\u00e9mom nie je ani tak kon\u0161trukcia, teda, m\u00e1m na mysli kon\u0161trukciu, ktor\u00e1 sa nach\u00e1dza vo vn\u00fatri matracov, ale ich povrchov\u00e1 \u00faprava, teda l\u00e1tka a in\u00e9 m\u00e4kk\u00e9 materi\u00e1ly, ktor\u00e9 s\u00fa neoddelite\u013enou s\u00fa\u010das\u0165ou ka\u017ed\u00e9ho matracu. Tieto materi\u00e1ly sa jednoducho jedn\u00e9ho d\u0148a opotrebuj\u00fa, a to i vtedy, ak by ich vyr\u00e1bala NASA. OK, uzn\u00e1vam, \u017ee ak by po\u0165ah na matrac alebo jeho m\u00e4kk\u00fa n\u00e1pl\u0148 vyrobila origin\u00e1l NASA, tak by vydr\u017eal asi nie\u010do viac a dlh\u0161ie, no taktie\u017e nie donekone\u010dna.  Pre\u010do vlastne rozober\u00e1m t\u00fato t\u00e9mu? Preto\u017ee som sa pou\u010dil na svojej chybe a mysl\u00edm, \u017ee je dobr\u00e9 a pre mnoh\u00fdch z v\u00e1s bude n\u00e1pomocn\u00e9, ak sa z nej pou\u010d\u00edte i vy a nebudete musie\u0165 robi\u0165 rovnak\u00ed chyby. asi tak\u00fdch dobr\u00fdch dvan\u00e1s\u0165 rokov dozadu som si k\u00fapil pru\u017einov\u00fd matrac, v\u00fdrobca garantoval stra\u0161ne dlh\u00fa \u017eivotnos\u0165 a \u013eudia v predajni ma ubezpe\u010dovali, \u017ee tento matrac po mne bud\u00fa dedi\u0165 e\u0161te pravn\u00fa\u010dat\u00e1 mojich pravn\u00fa\u010dat. Na matraci sa spalo dobre, pohodlne, a to aj po cel\u00fdch dvan\u00e1stich rokoch. Znenazdajky, ale doslova z ni\u010doho ni\u010d, som v\u0161ak za\u010dal ma\u0165 d\u00fdchacie probl\u00e9my. asi rok som behal po doktoroch a stovk\u00e1ch vy\u0161etren\u00ed, a\u017e jeden p\u00e1n doktor, za ktor\u00fdm som musel precestova\u0165 polovicu na\u0161ej kr\u00e1snej republiky, mi povedal, \u017ee si m\u00e1m vymeni\u0165 matrac. Len som mu op\u00edsal svoje sympt\u00f3my a toto bol jeho okam\u017eit\u00fd ortie\u013e. Viete \u010do? Skuto\u010dne. Ke\u010f som si vymenil matrac, moje d\u00fdchanie sa mi zlep\u0161ilo v priebehu dvoch t\u00fd\u017ed\u0148ov.  Zauj\u00edmavou \u010das\u0165ou tejto sk\u00fasenosti je i to, \u017ee som matrac musel pred prevozom na smetisko rozp\u00edli\u0165 na polovicu. To, ako som to urobil nerie\u0161te. Podstatn\u00e9 je, \u017ee to, \u010do som na\u0161iel v jeho vn\u00fatri sa slovami ani ned\u00e1 op\u00edsa\u0165. Povedal by som o tom asi to\u013eko, \u017ee na nie\u010dom takom sa skuto\u010dne ned\u00e1 spa\u0165.                                                                                                                                                                                                                                                                                                                                                                                           4.7\/5 - (7 votes)        "},{"@context":"https:\/\/schema.org\/","@type":"BreadcrumbList","itemListElement":[{"@type":"ListItem","position":1,"name":"Pre\u010do m\u00e1 matrac svoju ohrani\u010den\u00fa \u017eivotnos\u0165","item":"https:\/\/www.ryko.sk\/preco-ma-matrac-svoju-ohranicenu-zivotnost\/#breadcrumbitem"}]}]